{"id":12835,"date":"2025-01-09T14:20:53","date_gmt":"2025-01-09T12:20:53","guid":{"rendered":"https:\/\/oamrvalcea.ro\/?p=12835"},"modified":"2025-01-09T14:24:28","modified_gmt":"2025-01-09T12:24:28","slug":"ordinul-asistentilor-medicali-generalisti-moaselor-si-asistentilor-medicali-din-romania-adera-la-proiectul-fighting-fatigue-together-al-fundatiei-europene-pentru-siguranta-pacientul","status":"publish","type":"post","link":"https:\/\/oamrvalcea.ro\/index.php\/2025\/01\/09\/ordinul-asistentilor-medicali-generalisti-moaselor-si-asistentilor-medicali-din-romania-adera-la-proiectul-fighting-fatigue-together-al-fundatiei-europene-pentru-siguranta-pacientul\/","title":{"rendered":"Ordinul Asisten\u021bilor Medicali Generali\u0219ti, Moa\u0219elor \u0219i Asisten\u021bilor Medicali din Rom\u00e2nia ader\u0103 la proiectul \u201eFighting Fatigue Together\u201d al Funda\u021biei Europene pentru Siguran\u021ba Pacientului"},"content":{"rendered":"<p>Ordinul Asisten\u021bilor Medicali Generali\u0219ti, Moa\u0219elor \u0219i Asisten\u021bilor Medicali din Rom\u00e2nia se implic\u0103 \u00een proiectul european \u201eFighting Fatigue Together\u201d, ini\u021biativ\u0103 lansat\u0103 de Funda\u021bia European\u0103 pentru Siguran\u021ba Pacientului (EUPSF). Aceast\u0103 colaborare strategic\u0103 reprezint\u0103 un angajament important \u00een \u00eembun\u0103t\u0103\u021birea siguran\u021bei pacien\u021bilor \u0219i \u00een sus\u021binerea s\u0103n\u0103t\u0103\u021bii fizice \u0219i mintale a personalului medical.<\/p>\n<div style=\"width: 1100px;\" class=\"wp-video\"><!--[if lt IE 9]><script>document.createElement('video');<\/script><![endif]-->\n<video class=\"wp-video-shortcode\" id=\"video-12835-1\" width=\"1100\" height=\"619\" preload=\"metadata\" controls=\"controls\"><source type=\"video\/mp4\" src=\"https:\/\/oamrvalcea.ro\/wp-content\/uploads\/2025\/01\/FFT-VIDEO_RO_21.11.20241.mp4?_=1\" \/><a href=\"https:\/\/oamrvalcea.ro\/wp-content\/uploads\/2025\/01\/FFT-VIDEO_RO_21.11.20241.mp4\">https:\/\/oamrvalcea.ro\/wp-content\/uploads\/2025\/01\/FFT-VIDEO_RO_21.11.20241.mp4<\/a><\/video><\/div>\n<p>Proiectul \u201eFighting Fatigue Together\u201d \u00ee\u0219i propune s\u0103 abordeze una dintre cele mai presante provoc\u0103ri din domeniul s\u0103n\u0103t\u0103\u021bii: oboseala \u00een r\u00e2ndul profesioni\u0219tilor din s\u0103n\u0103tate. Prin intermediul unor cercet\u0103ri avansate, strategii inovatoare \u0219i campanii de con\u0219tientizare, ini\u021biativa vizeaz\u0103 reducerea impactului negativ al oboselii asupra performan\u021bei medicale \u0219i implicit asupra siguran\u021bei pacien\u021bilor.<\/p>\n<p>\u201eSuntem \u00eenc\u00e2nta\u021bi s\u0103 ne al\u0103tur\u0103m acestui proiect esen\u021bial,\u201d a declarat doamna Carmen Mazilu, Vicepre\u0219edinte OAMGMAMR. \u201eAsisten\u021bii medicali din Rom\u00e2nia sunt \u00een prima linie a sistemului de s\u0103n\u0103tate, iar recunoa\u0219terea \u0219i gestionarea oboselii lor reprezint\u0103 un pas esen\u021bial pentru \u00eembun\u0103t\u0103\u021birea calit\u0103\u021bii \u00eengrijirilor medicale \u0219i protejarea pacien\u021bilor.\u201d<\/p>\n<p>Prin participarea la aceast\u0103 ini\u021biativ\u0103, OAMGMAMR \u00ee\u0219i asum\u0103 urm\u0103toarele obiective:<\/p>\n<ul>\n<li>Contribu\u021bia la identificarea factorilor de risc asocia\u021bi oboselii \u00een r\u00e2ndul personalului medical<\/li>\n<li>Implementarea celor mai bune practici pentru prevenirea \u0219i gestionarea oboselii profesionale<\/li>\n<li>Crearea unor medii de lucru mai sigure \u0219i mai sustenabile pentru asisten\u021bii medicali \u0219i moa\u0219e<\/li>\n<\/ul>\n<p>\u00cen cadrul conferin\u021bei EUPSF ce a avut loc \u00een data de 8 noiembrie 2024, la Madrid, ce a reunit exper\u021bi \u00een s\u0103n\u0103tate, lideri ai organiza\u021biilor profesionale \u0219i reprezentan\u021bi ai institu\u021biilor europene, au fost prezentate solu\u021bii practice pentru gestionarea oboselii, inclusiv tehnologiile digitale de monitorizare, programele de suport psihologic \u0219i ajust\u0103rile legislative necesare.<\/p>\n<p>Cu aceast\u0103 ocazie, delega\u021bia OAMGMAMR a prezentat strategia na\u021bional\u0103 bazat\u0103 pe instrumente aplicabile \u0219i adaptate conform nevoilor \u0219i resurselor disponibile la nivel na\u021bional.<\/p>\n<p><a href=\"https:\/\/oamrvalcea.ro\/wp-content\/uploads\/2025\/01\/Descrierea-campaniei-Fighting-Fatigue-Together.pdf\">Descrierea campaniei &#8211; Fighting Fatigue Together &#8211; <strong>Click pentru a desc\u0103rca<\/strong><\/a><\/p>\n<p>Pentru informa\u021bii suplimentare despre proiectul \u201eFighting Fatigue Together\u201d sau alte ini\u021biative, v\u0103 rug\u0103m s\u0103 contacta\u021bi:<\/p>\n<p>Carmen Mazilu \u2013 Vicepre\u0219edinte OAMGMAMR<\/p>\n<p>Crina Gheorghe-responsabil Comunicare campanie<\/p>\n<p>E-mail: secretariat@oamr.ro<\/p>\n<p><strong>Despre Ordinul Asisten\u021bilor Medicali Generali\u0219ti, Moa\u0219elor \u0219i Asisten\u021bilor Medicali din Rom\u00e2nia (OAMGMAMR):<\/strong><\/p>\n<p>Ordinul Asisten\u0163ilor Medicali Generali\u015fti, Moa\u015felor \u015fi Asisten\u0163ilor Medicali din Rom\u00e2nia este organiza\u0163ia profesional\u0103 \u015fi de reglementare cu rol de a elabora norme \u015fi reguli de practicare a profesiei de asistent medical generalist, moa\u015f\u0103 \u015fi asistent medical, astfel \u00eenc\u00e2t profesioni\u015ftii s\u0103 asigure pacien\u0163ilor servicii de calitate, \u00een condi\u0163ii de siguran\u0163\u0103 \u015fi securitate.<\/p>\n<p><strong>Despre Funda\u021bia European\u0103 pentru Siguran\u021ba Pacientului (EUPSF):\u00a0 <\/strong><\/p>\n<p>EUPSF este organiza\u021bia european\u0103 dedicat\u0103 promov\u0103rii siguran\u021bei pacien\u021bilor, colabor\u0103rii interprofesionale \u0219i cre\u0103rii unor sisteme de s\u0103n\u0103tate reziliente.<\/p>\n<p>&#8212;<\/p>\n<p>Pentru mai multe detalii, vizita\u021bi:<\/p>\n<p>&#8211; Site-ul OAMGMAMR: www.oamr.ro<\/p>\n<p>&#8211; Site-ul EUPSF \u2013 FFT: www.eupsf.org\/press-release-fightfatigue<\/p>\n","protected":false},"excerpt":{"rendered":"<p>Ordinul Asisten\u021bilor Medicali Generali\u0219ti, Moa\u0219elor \u0219i Asisten\u021bilor Medicali din Rom\u00e2nia se implic\u0103 \u00een proiectul european \u201eFighting Fatigue Together\u201d, ini\u021biativ\u0103 lansat\u0103 de Funda\u021bia European\u0103 pentru Siguran\u021ba Pacientului (EUPSF). Aceast\u0103 colaborare strategic\u0103 reprezint\u0103 un angajament important \u00een \u00eembun\u0103t\u0103\u021birea siguran\u021bei pacien\u021bilor \u0219i \u00een sus\u021binerea s\u0103n\u0103t\u0103\u021bii fizice \u0219i mintale a personalului medical. Proiectul \u201eFighting Fatigue Together\u201d \u00ee\u0219i propune s\u0103 abordeze [&hellip;]<\/p>\n","protected":false},"author":2,"featured_media":12836,"comment_status":"open","ping_status":"open","sticky":false,"template":"","format":"standard","meta":{"footnotes":""},"categories":[38,39,1],"tags":[],"yoast_head":"<!-- This site is optimized with the Yoast SEO plugin v18.6 - https:\/\/yoast.com\/wordpress\/plugins\/seo\/ -->\n<title>Ordinul Asisten\u021bilor Medicali Generali\u0219ti, Moa\u0219elor \u0219i Asisten\u021bilor Medicali din Rom\u00e2nia ader\u0103 la proiectul \u201eFighting Fatigue Together\u201d al Funda\u021biei Europene pentru Siguran\u021ba Pacientului - OAMGMAMR<\/title>\n<meta name=\"robots\" content=\"index, follow, max-snippet:-1, max-image-preview:large, max-video-preview:-1\" \/>\n<link rel=\"canonical\" href=\"https:\/\/oamrvalcea.ro\/index.php\/2025\/01\/09\/ordinul-asistentilor-medicali-generalisti-moaselor-si-asistentilor-medicali-din-romania-adera-la-proiectul-fighting-fatigue-together-al-fundatiei-europene-pentru-siguranta-pacientul\/\" \/>\n<meta property=\"og:locale\" content=\"en_US\" \/>\n<meta property=\"og:type\" content=\"article\" \/>\n<meta property=\"og:title\" content=\"Ordinul Asisten\u021bilor Medicali Generali\u0219ti, Moa\u0219elor \u0219i Asisten\u021bilor Medicali din Rom\u00e2nia ader\u0103 la proiectul \u201eFighting Fatigue Together\u201d al Funda\u021biei Europene pentru Siguran\u021ba Pacientului - OAMGMAMR\" \/>\n<meta property=\"og:description\" content=\"Ordinul Asisten\u021bilor Medicali Generali\u0219ti, Moa\u0219elor \u0219i Asisten\u021bilor Medicali din Rom\u00e2nia se implic\u0103 \u00een proiectul european \u201eFighting Fatigue Together\u201d, ini\u021biativ\u0103 lansat\u0103 de Funda\u021bia European\u0103 pentru Siguran\u021ba Pacientului (EUPSF). Aceast\u0103 colaborare strategic\u0103 reprezint\u0103 un angajament important \u00een \u00eembun\u0103t\u0103\u021birea siguran\u021bei pacien\u021bilor \u0219i \u00een sus\u021binerea s\u0103n\u0103t\u0103\u021bii fizice \u0219i mintale a personalului medical. Proiectul \u201eFighting Fatigue Together\u201d \u00ee\u0219i propune s\u0103 abordeze [&hellip;]\" \/>\n<meta property=\"og:url\" content=\"https:\/\/oamrvalcea.ro\/index.php\/2025\/01\/09\/ordinul-asistentilor-medicali-generalisti-moaselor-si-asistentilor-medicali-din-romania-adera-la-proiectul-fighting-fatigue-together-al-fundatiei-europene-pentru-siguranta-pacientul\/\" \/>\n<meta property=\"og:site_name\" content=\"OAMGMAMR\" \/>\n<meta property=\"article:published_time\" content=\"2025-01-09T12:20:53+00:00\" \/>\n<meta property=\"article:modified_time\" content=\"2025-01-09T12:24:28+00:00\" \/>\n<meta property=\"og:image\" content=\"https:\/\/oamrvalcea.ro\/wp-content\/uploads\/2025\/01\/Logo-FFT.jpg\" \/>\n\t<meta property=\"og:image:width\" content=\"686\" \/>\n\t<meta property=\"og:image:height\" content=\"619\" \/>\n\t<meta property=\"og:image:type\" content=\"image\/jpeg\" \/>\n<meta name=\"twitter:card\" content=\"summary_large_image\" \/>\n<meta name=\"twitter:label1\" content=\"Written by\" \/>\n\t<meta name=\"twitter:data1\" content=\"Oamr Valcea\" \/>\n\t<meta name=\"twitter:label2\" content=\"Est. reading time\" \/>\n\t<meta name=\"twitter:data2\" content=\"3 minutes\" \/>\n<script type=\"application\/ld+json\" class=\"yoast-schema-graph\">{\"@context\":\"https:\/\/schema.org\",\"@graph\":[{\"@type\":\"WebSite\",\"@id\":\"https:\/\/oamrvalcea.ro\/#website\",\"url\":\"https:\/\/oamrvalcea.ro\/\",\"name\":\"OAMGMAMR\",\"description\":\"Filiala V\u00e2lcea\",\"potentialAction\":[{\"@type\":\"SearchAction\",\"target\":{\"@type\":\"EntryPoint\",\"urlTemplate\":\"https:\/\/oamrvalcea.ro\/?s={search_term_string}\"},\"query-input\":\"required name=search_term_string\"}],\"inLanguage\":\"en-US\"},{\"@type\":\"ImageObject\",\"@id\":\"https:\/\/oamrvalcea.ro\/index.php\/2025\/01\/09\/ordinul-asistentilor-medicali-generalisti-moaselor-si-asistentilor-medicali-din-romania-adera-la-proiectul-fighting-fatigue-together-al-fundatiei-europene-pentru-siguranta-pacientul\/#primaryimage\",\"inLanguage\":\"en-US\",\"url\":\"https:\/\/oamrvalcea.ro\/wp-content\/uploads\/2025\/01\/Logo-FFT.jpg\",\"contentUrl\":\"https:\/\/oamrvalcea.ro\/wp-content\/uploads\/2025\/01\/Logo-FFT.jpg\",\"width\":686,\"height\":619},{\"@type\":\"WebPage\",\"@id\":\"https:\/\/oamrvalcea.ro\/index.php\/2025\/01\/09\/ordinul-asistentilor-medicali-generalisti-moaselor-si-asistentilor-medicali-din-romania-adera-la-proiectul-fighting-fatigue-together-al-fundatiei-europene-pentru-siguranta-pacientul\/#webpage\",\"url\":\"https:\/\/oamrvalcea.ro\/index.php\/2025\/01\/09\/ordinul-asistentilor-medicali-generalisti-moaselor-si-asistentilor-medicali-din-romania-adera-la-proiectul-fighting-fatigue-together-al-fundatiei-europene-pentru-siguranta-pacientul\/\",\"name\":\"Ordinul Asisten\u021bilor Medicali Generali\u0219ti, Moa\u0219elor \u0219i Asisten\u021bilor Medicali din Rom\u00e2nia ader\u0103 la proiectul \u201eFighting Fatigue Together\u201d al Funda\u021biei Europene pentru Siguran\u021ba Pacientului - OAMGMAMR\",\"isPartOf\":{\"@id\":\"https:\/\/oamrvalcea.ro\/#website\"},\"primaryImageOfPage\":{\"@id\":\"https:\/\/oamrvalcea.ro\/index.php\/2025\/01\/09\/ordinul-asistentilor-medicali-generalisti-moaselor-si-asistentilor-medicali-din-romania-adera-la-proiectul-fighting-fatigue-together-al-fundatiei-europene-pentru-siguranta-pacientul\/#primaryimage\"},\"datePublished\":\"2025-01-09T12:20:53+00:00\",\"dateModified\":\"2025-01-09T12:24:28+00:00\",\"author\":{\"@id\":\"https:\/\/oamrvalcea.ro\/#\/schema\/person\/40814bb71114160cce49f5457331f52e\"},\"breadcrumb\":{\"@id\":\"https:\/\/oamrvalcea.ro\/index.php\/2025\/01\/09\/ordinul-asistentilor-medicali-generalisti-moaselor-si-asistentilor-medicali-din-romania-adera-la-proiectul-fighting-fatigue-together-al-fundatiei-europene-pentru-siguranta-pacientul\/#breadcrumb\"},\"inLanguage\":\"en-US\",\"potentialAction\":[{\"@type\":\"ReadAction\",\"target\":[\"https:\/\/oamrvalcea.ro\/index.php\/2025\/01\/09\/ordinul-asistentilor-medicali-generalisti-moaselor-si-asistentilor-medicali-din-romania-adera-la-proiectul-fighting-fatigue-together-al-fundatiei-europene-pentru-siguranta-pacientul\/\"]}]},{\"@type\":\"BreadcrumbList\",\"@id\":\"https:\/\/oamrvalcea.ro\/index.php\/2025\/01\/09\/ordinul-asistentilor-medicali-generalisti-moaselor-si-asistentilor-medicali-din-romania-adera-la-proiectul-fighting-fatigue-together-al-fundatiei-europene-pentru-siguranta-pacientul\/#breadcrumb\",\"itemListElement\":[{\"@type\":\"ListItem\",\"position\":1,\"name\":\"Home\",\"item\":\"https:\/\/oamrvalcea.ro\/\"},{\"@type\":\"ListItem\",\"position\":2,\"name\":\"Ordinul Asisten\u021bilor Medicali Generali\u0219ti, Moa\u0219elor \u0219i Asisten\u021bilor Medicali din Rom\u00e2nia ader\u0103 la proiectul \u201eFighting Fatigue Together\u201d al Funda\u021biei Europene pentru Siguran\u021ba Pacientului\"}]},{\"@type\":\"Person\",\"@id\":\"https:\/\/oamrvalcea.ro\/#\/schema\/person\/40814bb71114160cce49f5457331f52e\",\"name\":\"Oamr Valcea\",\"image\":{\"@type\":\"ImageObject\",\"@id\":\"https:\/\/oamrvalcea.ro\/#personlogo\",\"inLanguage\":\"en-US\",\"url\":\"https:\/\/secure.gravatar.com\/avatar\/a27a25509fc91f6cb7f406c97c176198?s=96&d=mm&r=g\",\"contentUrl\":\"https:\/\/secure.gravatar.com\/avatar\/a27a25509fc91f6cb7f406c97c176198?s=96&d=mm&r=g\",\"caption\":\"Oamr Valcea\"},\"sameAs\":[\"http:\/\/oamrvalcea.ro\"],\"url\":\"https:\/\/oamrvalcea.ro\/index.php\/author\/oamrvalcea\/\"}]}<\/script>\n<!-- \/ Yoast SEO plugin. -->","yoast_head_json":{"title":"Ordinul Asisten\u021bilor Medicali Generali\u0219ti, Moa\u0219elor \u0219i Asisten\u021bilor Medicali din Rom\u00e2nia ader\u0103 la proiectul \u201eFighting Fatigue Together\u201d al Funda\u021biei Europene pentru Siguran\u021ba Pacientului - OAMGMAMR","robots":{"index":"index","follow":"follow","max-snippet":"max-snippet:-1","max-image-preview":"max-image-preview:large","max-video-preview":"max-video-preview:-1"},"canonical":"https:\/\/oamrvalcea.ro\/index.php\/2025\/01\/09\/ordinul-asistentilor-medicali-generalisti-moaselor-si-asistentilor-medicali-din-romania-adera-la-proiectul-fighting-fatigue-together-al-fundatiei-europene-pentru-siguranta-pacientul\/","og_locale":"en_US","og_type":"article","og_title":"Ordinul Asisten\u021bilor Medicali Generali\u0219ti, Moa\u0219elor \u0219i Asisten\u021bilor Medicali din Rom\u00e2nia ader\u0103 la proiectul \u201eFighting Fatigue Together\u201d al Funda\u021biei Europene pentru Siguran\u021ba Pacientului - OAMGMAMR","og_description":"Ordinul Asisten\u021bilor Medicali Generali\u0219ti, Moa\u0219elor \u0219i Asisten\u021bilor Medicali din Rom\u00e2nia se implic\u0103 \u00een proiectul european \u201eFighting Fatigue Together\u201d, ini\u021biativ\u0103 lansat\u0103 de Funda\u021bia European\u0103 pentru Siguran\u021ba Pacientului (EUPSF). Aceast\u0103 colaborare strategic\u0103 reprezint\u0103 un angajament important \u00een \u00eembun\u0103t\u0103\u021birea siguran\u021bei pacien\u021bilor \u0219i \u00een sus\u021binerea s\u0103n\u0103t\u0103\u021bii fizice \u0219i mintale a personalului medical. Proiectul \u201eFighting Fatigue Together\u201d \u00ee\u0219i propune s\u0103 abordeze [&hellip;]","og_url":"https:\/\/oamrvalcea.ro\/index.php\/2025\/01\/09\/ordinul-asistentilor-medicali-generalisti-moaselor-si-asistentilor-medicali-din-romania-adera-la-proiectul-fighting-fatigue-together-al-fundatiei-europene-pentru-siguranta-pacientul\/","og_site_name":"OAMGMAMR","article_published_time":"2025-01-09T12:20:53+00:00","article_modified_time":"2025-01-09T12:24:28+00:00","og_image":[{"width":686,"height":619,"url":"https:\/\/oamrvalcea.ro\/wp-content\/uploads\/2025\/01\/Logo-FFT.jpg","type":"image\/jpeg"}],"twitter_card":"summary_large_image","twitter_misc":{"Written by":"Oamr Valcea","Est. reading time":"3 minutes"},"schema":{"@context":"https:\/\/schema.org","@graph":[{"@type":"WebSite","@id":"https:\/\/oamrvalcea.ro\/#website","url":"https:\/\/oamrvalcea.ro\/","name":"OAMGMAMR","description":"Filiala V\u00e2lcea","potentialAction":[{"@type":"SearchAction","target":{"@type":"EntryPoint","urlTemplate":"https:\/\/oamrvalcea.ro\/?s={search_term_string}"},"query-input":"required name=search_term_string"}],"inLanguage":"en-US"},{"@type":"ImageObject","@id":"https:\/\/oamrvalcea.ro\/index.php\/2025\/01\/09\/ordinul-asistentilor-medicali-generalisti-moaselor-si-asistentilor-medicali-din-romania-adera-la-proiectul-fighting-fatigue-together-al-fundatiei-europene-pentru-siguranta-pacientul\/#primaryimage","inLanguage":"en-US","url":"https:\/\/oamrvalcea.ro\/wp-content\/uploads\/2025\/01\/Logo-FFT.jpg","contentUrl":"https:\/\/oamrvalcea.ro\/wp-content\/uploads\/2025\/01\/Logo-FFT.jpg","width":686,"height":619},{"@type":"WebPage","@id":"https:\/\/oamrvalcea.ro\/index.php\/2025\/01\/09\/ordinul-asistentilor-medicali-generalisti-moaselor-si-asistentilor-medicali-din-romania-adera-la-proiectul-fighting-fatigue-together-al-fundatiei-europene-pentru-siguranta-pacientul\/#webpage","url":"https:\/\/oamrvalcea.ro\/index.php\/2025\/01\/09\/ordinul-asistentilor-medicali-generalisti-moaselor-si-asistentilor-medicali-din-romania-adera-la-proiectul-fighting-fatigue-together-al-fundatiei-europene-pentru-siguranta-pacientul\/","name":"Ordinul Asisten\u021bilor Medicali Generali\u0219ti, Moa\u0219elor \u0219i Asisten\u021bilor Medicali din Rom\u00e2nia ader\u0103 la proiectul \u201eFighting Fatigue Together\u201d al Funda\u021biei Europene pentru Siguran\u021ba Pacientului - OAMGMAMR","isPartOf":{"@id":"https:\/\/oamrvalcea.ro\/#website"},"primaryImageOfPage":{"@id":"https:\/\/oamrvalcea.ro\/index.php\/2025\/01\/09\/ordinul-asistentilor-medicali-generalisti-moaselor-si-asistentilor-medicali-din-romania-adera-la-proiectul-fighting-fatigue-together-al-fundatiei-europene-pentru-siguranta-pacientul\/#primaryimage"},"datePublished":"2025-01-09T12:20:53+00:00","dateModified":"2025-01-09T12:24:28+00:00","author":{"@id":"https:\/\/oamrvalcea.ro\/#\/schema\/person\/40814bb71114160cce49f5457331f52e"},"breadcrumb":{"@id":"https:\/\/oamrvalcea.ro\/index.php\/2025\/01\/09\/ordinul-asistentilor-medicali-generalisti-moaselor-si-asistentilor-medicali-din-romania-adera-la-proiectul-fighting-fatigue-together-al-fundatiei-europene-pentru-siguranta-pacientul\/#breadcrumb"},"inLanguage":"en-US","potentialAction":[{"@type":"ReadAction","target":["https:\/\/oamrvalcea.ro\/index.php\/2025\/01\/09\/ordinul-asistentilor-medicali-generalisti-moaselor-si-asistentilor-medicali-din-romania-adera-la-proiectul-fighting-fatigue-together-al-fundatiei-europene-pentru-siguranta-pacientul\/"]}]},{"@type":"BreadcrumbList","@id":"https:\/\/oamrvalcea.ro\/index.php\/2025\/01\/09\/ordinul-asistentilor-medicali-generalisti-moaselor-si-asistentilor-medicali-din-romania-adera-la-proiectul-fighting-fatigue-together-al-fundatiei-europene-pentru-siguranta-pacientul\/#breadcrumb","itemListElement":[{"@type":"ListItem","position":1,"name":"Home","item":"https:\/\/oamrvalcea.ro\/"},{"@type":"ListItem","position":2,"name":"Ordinul Asisten\u021bilor Medicali Generali\u0219ti, Moa\u0219elor \u0219i Asisten\u021bilor Medicali din Rom\u00e2nia ader\u0103 la proiectul \u201eFighting Fatigue Together\u201d al Funda\u021biei Europene pentru Siguran\u021ba Pacientului"}]},{"@type":"Person","@id":"https:\/\/oamrvalcea.ro\/#\/schema\/person\/40814bb71114160cce49f5457331f52e","name":"Oamr Valcea","image":{"@type":"ImageObject","@id":"https:\/\/oamrvalcea.ro\/#personlogo","inLanguage":"en-US","url":"https:\/\/secure.gravatar.com\/avatar\/a27a25509fc91f6cb7f406c97c176198?s=96&d=mm&r=g","contentUrl":"https:\/\/secure.gravatar.com\/avatar\/a27a25509fc91f6cb7f406c97c176198?s=96&d=mm&r=g","caption":"Oamr Valcea"},"sameAs":["http:\/\/oamrvalcea.ro"],"url":"https:\/\/oamrvalcea.ro\/index.php\/author\/oamrvalcea\/"}]}},"_links":{"self":[{"href":"https:\/\/oamrvalcea.ro\/index.php\/wp-json\/wp\/v2\/posts\/12835"}],"collection":[{"href":"https:\/\/oamrvalcea.ro\/index.php\/wp-json\/wp\/v2\/posts"}],"about":[{"href":"https:\/\/oamrvalcea.ro\/index.php\/wp-json\/wp\/v2\/types\/post"}],"author":[{"embeddable":true,"href":"https:\/\/oamrvalcea.ro\/index.php\/wp-json\/wp\/v2\/users\/2"}],"replies":[{"embeddable":true,"href":"https:\/\/oamrvalcea.ro\/index.php\/wp-json\/wp\/v2\/comments?post=12835"}],"version-history":[{"count":5,"href":"https:\/\/oamrvalcea.ro\/index.php\/wp-json\/wp\/v2\/posts\/12835\/revisions"}],"predecessor-version":[{"id":12845,"href":"https:\/\/oamrvalcea.ro\/index.php\/wp-json\/wp\/v2\/posts\/12835\/revisions\/12845"}],"wp:featuredmedia":[{"embeddable":true,"href":"https:\/\/oamrvalcea.ro\/index.php\/wp-json\/wp\/v2\/media\/12836"}],"wp:attachment":[{"href":"https:\/\/oamrvalcea.ro\/index.php\/wp-json\/wp\/v2\/media?parent=12835"}],"wp:term":[{"taxonomy":"category","embeddable":true,"href":"https:\/\/oamrvalcea.ro\/index.php\/wp-json\/wp\/v2\/categories?post=12835"},{"taxonomy":"post_tag","embeddable":true,"href":"https:\/\/oamrvalcea.ro\/index.php\/wp-json\/wp\/v2\/tags?post=12835"}],"curies":[{"name":"wp","href":"https:\/\/api.w.org\/{rel}","templated":true}]}}